{"id":3565,"date":"2020-06-30T15:00:00","date_gmt":"2020-06-30T15:00:00","guid":{"rendered":"https:\/\/www.auntmarthas.org\/sin-categorizar\/la-clinica-juridica-de-vivienda-justa-de-la-facultad-de-derecho-john-marshall-de-la-uic-se-une-al-caso-de-derechos-civiles-aunt-marthas-contra-el-pueblo-de-midlothian\/"},"modified":"2023-02-02T19:23:50","modified_gmt":"2023-02-03T01:23:50","slug":"la-clinica-juridica-de-vivienda-justa-de-la-facultad-de-derecho-john-marshall-de-la-uic-se-une-al-caso-de-derechos-civiles-aunt-marthas-contra-el-pueblo-de-midlothian","status":"publish","type":"post","link":"https:\/\/www.auntmarthas.org\/es\/comunicado-de-prensa\/la-clinica-juridica-de-vivienda-justa-de-la-facultad-de-derecho-john-marshall-de-la-uic-se-une-al-caso-de-derechos-civiles-aunt-marthas-contra-el-pueblo-de-midlothian\/","title":{"rendered":"La Cl\u00ednica Jur\u00eddica de Vivienda Justa de la Facultad de Derecho John Marshall de la UIC se une al caso de derechos civiles Aunt Martha&#8217;s contra el pueblo de Midlothian"},"content":{"rendered":"\n<div style=\"height:25px\" aria-hidden=\"true\" class=\"wp-block-spacer\"><\/div>\n\n<p><strong>Olympia Fields, IL:  <\/strong>Aunt Martha&#8217;s &#8216;s Health and Wellness ha anunciado hoy que la  <a href=\"https:\/\/jmls.uic.edu\/experiential-education\/clinics\/fairhousing\/\" target=\"_blank\" rel=\"noreferrer noopener\">Cl\u00ednica Jur\u00eddica de Vivienda Justa de la Facultad de Derecho John Marshall de la UIC<\/a>  se ha unido al esfuerzo continuado de la organizaci\u00f3n para gestionar el primer y \u00fanico centro de cuarentena infantil del estado para los j\u00f3venes del Departamento de Servicios para Ni\u00f1os y Familias (DCFS) que est\u00e1n bajo su cuidado y que se han visto afectados por la pandemia de COVID-19.<\/p>\n\n<div style=\"height:10px\" aria-hidden=\"true\" class=\"wp-block-spacer\"><\/div>\n\n<p>La Cl\u00ednica Jur\u00eddica de Vivienda Justa de la Facultad de Derecho John Marshall de la UIC actuar\u00e1 como coasesora en una demanda federal presentada por Aunt Martha&#8217;s el 12 de mayo en la que se afirma que el pueblo de Midlothian ha llevado a cabo acciones discriminatorias en violaci\u00f3n de la Ley de Vivienda Justa, la Ley de Estadounidenses con Discapacidades y la Ley de Rehabilitaci\u00f3n.<\/p>\n\n<div style=\"height:20px\" aria-hidden=\"true\" class=\"wp-block-spacer\"><\/div>\n\n<h3 class=\"wp-block-heading\">Una orden de emergencia impide el cierre del centro de cuarentena para ni\u00f1os del DCFS<\/h3>\n\n<p>El 27 de mayo, el <a href=\"https:\/\/thelansingjournal.com\/2020\/05\/28\/united-states-district-judge-thomas-m-durkin-grants-temporary-restraining-order-against-village-of-midlothian\/\" target=\"_blank\" rel=\"noreferrer noopener\">Tribunal de Distrito de EE.UU. acept\u00f3 la solicitud de la organizaci\u00f3n<\/a> de una Orden de Restricci\u00f3n Temporal de Emergencia (TRO) que proh\u00edbe al pueblo cerrar el Centro de Cuarentena Infantil (CQC). A principios de esta semana se prorrog\u00f3 por 60 d\u00edas.<\/p>\n\n<div style=\"height:10px\" aria-hidden=\"true\" class=\"wp-block-spacer\"><\/div>\n\n<p>\u00abAunt Martha&#8217;s siempre ha defendido a los miembros m\u00e1s vulnerables de las comunidades a las que servimos, especialmente a los j\u00f3venes del DCFS que est\u00e1n bajo su cuidado, la mayor\u00eda de los cuales son afroamericanos y latinos\u00bb, dijo Ra\u00fal Garza, presidente y director general de la agencia. \u00abCreemos que hay importantes cuestiones de derechos civiles involucradas en este caso, y estamos orgullosos de tener al equipo de la Cl\u00ednica de nuestro lado en este esfuerzo\u00bb.<\/p>\n\n<div style=\"height:20px\" aria-hidden=\"true\" class=\"wp-block-spacer\"><\/div>\n\n<h3 class=\"wp-block-heading\">El equipo jur\u00eddico<\/h3>\n\n<p>Como co-asesor, la Cl\u00ednica Legal de Vivienda Justa ofrecer\u00e1 su amplia experiencia relacionada con la vivienda justa y su experiencia en la eliminaci\u00f3n de las pr\u00e1cticas discriminatorias y ayudar\u00e1 a representar a Aunt Martha&#8217;s en todos los aspectos de este litigio.<\/p>\n\n<div style=\"height:10px\" aria-hidden=\"true\" class=\"wp-block-spacer\"><\/div>\n\n<p>Ricardo Meza, de Meza Law, seguir\u00e1 siendo el abogado principal. La Cl\u00ednica Legal de Vivienda Justa se une a Roger Derstine de Roger B. Derstine, Chartered, Homero Trist\u00e1n de Trist\u00e1n &amp; Cervantes, y Sohil Shah de Posinelli, PC como co-asesores.<\/p>\n\n<div style=\"height:20px\" aria-hidden=\"true\" class=\"wp-block-spacer\"><\/div>\n\n<h4 class=\"wp-block-heading\">Acerca de Aunt Martha&#8217;s Health and Wellness, Inc.<\/h4>\n\n<p>Aunt Martha&#8217;s atiende a m\u00e1s de 105.000 ni\u00f1os y adultos cada a\u00f1o. Cuenta con m\u00e1s de 35 sedes, incluidos 23 centros de salud comunitarios repartidos por nueve condados. El modelo de hogar sanitario integrado de la agencia ofrece servicios coordinados y basados en el valor que proporcionan un bienestar integral a la persona a trav\u00e9s de la integraci\u00f3n de la atenci\u00f3n sanitaria primaria y conductual, as\u00ed como de los servicios de apoyo que abordan los determinantes sociales de la salud. Aunt Martha&#8217;s est\u00e1 acreditado por la Comisi\u00f3n Conjunta desde 1997.<\/p>\n\n<div style=\"height:20px\" aria-hidden=\"true\" class=\"wp-block-spacer\"><\/div>\n\n<h4 class=\"wp-block-heading\">Acerca del Centro y Cl\u00ednica de Apoyo Jur\u00eddico a la Vivienda Justa de la Facultad de Derecho John Marshall de la UIC<\/h4>\n\n<p>Los objetivos principales del Centro y Cl\u00ednica de Apoyo Jur\u00eddico a la Vivienda Justa de la UIC John Marshall son<\/p>\n\n<ul class=\"wp-block-list\"><li>Educar al p\u00fablico sobre la ley de vivienda justa, y<\/li><li>Proporcionar asistencia jur\u00eddica a aquellas organizaciones privadas o p\u00fablicas que pretendan eliminar las pr\u00e1cticas discriminatorias en materia de vivienda.<\/li><\/ul>\n\n<p>La cl\u00ednica abri\u00f3 sus puertas en 1993. Desde entonces ha ayudado a miles de clientes de la zona de Chicago a los que se les neg\u00f3 la vivienda a causa de la discriminaci\u00f3n. La financiaci\u00f3n de la Cl\u00ednica procede en parte de una subvenci\u00f3n del <a href=\"https:\/\/www.hud.gov\/\">Departamento de Vivienda y Desarrollo Urbano de los Estados Unidos<\/a>.<\/p>\n\n<div style=\"height:10px\" aria-hidden=\"true\" class=\"wp-block-spacer\"><\/div>\n\n<p class=\"has-text-align-center\">###<\/p>\n\n<div style=\"height:10px\" aria-hidden=\"true\" class=\"wp-block-spacer\"><\/div>\n\n<h4 class=\"wp-block-heading\">Contacto con los medios de comunicaci\u00f3n<\/h4>\n\n<p>Rick Meza<br\/>Ley Meza<br\/>(708) 321-4693<\/p>\n\n<div style=\"height:50px\" aria-hidden=\"true\" class=\"wp-block-spacer\"><\/div>\n","protected":false},"excerpt":{"rendered":"<p>Olympia Fields, IL: Aunt Martha&#8217;s &#8216;s Health and Wellness ha [&hellip;]<\/p>\n","protected":false},"author":4,"featured_media":3273,"comment_status":"closed","ping_status":"closed","sticky":false,"template":"","format":"standard","meta":{"_acf_changed":false,"footnotes":""},"categories":[180],"tags":[157,174,161,181,156,182],"class_list":["post-3565","post","type-post","status-publish","format-standard","has-post-thumbnail","hentry","category-comunicado-de-prensa","tag-abogacia","tag-asociaciones","tag-covid-es","tag-dcfs-es","tag-justicia-social","tag-pueblo-de-midlothian"],"acf":[],"yoast_head":"<!-- This site is optimized with the Yoast SEO plugin v27.5 - https:\/\/yoast.com\/product\/yoast-seo-wordpress\/ -->\n<title>La cl\u00ednica legal de vivienda justa se une al caso contra el pueblo de Midlothian<\/title>\n<meta name=\"description\" content=\"Comunicado de prensa en el que se nombra a la Cl\u00ednica Jur\u00eddica de Vivienda Justa de la Facultad de Derecho John Marshall de la UIC como coasesora en la demanda federal contra el pueblo de Midlothian.\" \/>\n<meta name=\"robots\" content=\"index, follow, max-snippet:-1, max-image-preview:large, max-video-preview:-1\" \/>\n<link rel=\"canonical\" href=\"https:\/\/www.auntmarthas.org\/es\/comunicado-de-prensa\/la-clinica-juridica-de-vivienda-justa-de-la-facultad-de-derecho-john-marshall-de-la-uic-se-une-al-caso-de-derechos-civiles-aunt-marthas-contra-el-pueblo-de-midlothian\/\" \/>\n<meta property=\"og:locale\" content=\"es_ES\" \/>\n<meta property=\"og:type\" content=\"article\" \/>\n<meta property=\"og:title\" content=\"La cl\u00ednica legal de vivienda justa se une al caso contra el pueblo de Midlothian\" \/>\n<meta property=\"og:description\" content=\"Comunicado de prensa en el que se nombra a la Cl\u00ednica Jur\u00eddica de Vivienda Justa de la Facultad de Derecho John Marshall de la UIC como coasesora en la demanda federal contra el pueblo de Midlothian.\" \/>\n<meta property=\"og:url\" content=\"https:\/\/www.auntmarthas.org\/es\/comunicado-de-prensa\/la-clinica-juridica-de-vivienda-justa-de-la-facultad-de-derecho-john-marshall-de-la-uic-se-une-al-caso-de-derechos-civiles-aunt-marthas-contra-el-pueblo-de-midlothian\/\" \/>\n<meta property=\"og:site_name\" content=\"Aunt Martha&#039;s\" \/>\n<meta property=\"article:publisher\" content=\"https:\/\/www.facebook.com\/AuntMarthas\" \/>\n<meta property=\"article:published_time\" content=\"2020-06-30T15:00:00+00:00\" \/>\n<meta property=\"article:modified_time\" content=\"2023-02-03T01:23:50+00:00\" \/>\n<meta property=\"og:image\" content=\"https:\/\/www.auntmarthas.org\/wp-content\/uploads\/2020\/06\/Featured-Image_Press-Release_20200630-scaled-e1662740423272.jpeg\" \/>\n\t<meta property=\"og:image:width\" content=\"1958\" \/>\n\t<meta property=\"og:image:height\" content=\"1100\" \/>\n\t<meta property=\"og:image:type\" content=\"image\/jpeg\" \/>\n<meta name=\"author\" content=\"Tom Owens\" \/>\n<meta name=\"twitter:card\" content=\"summary_large_image\" \/>\n<meta name=\"twitter:creator\" content=\"@AuntMarthas\" \/>\n<meta name=\"twitter:site\" content=\"@AuntMarthas\" \/>\n<meta name=\"twitter:label1\" content=\"Escrito por\" \/>\n\t<meta name=\"twitter:data1\" content=\"Tom Owens\" \/>\n\t<meta name=\"twitter:label2\" content=\"Tiempo de lectura\" \/>\n\t<meta name=\"twitter:data2\" content=\"3 minutos\" \/>\n<script type=\"application\/ld+json\" class=\"yoast-schema-graph\">{\"@context\":\"https:\\\/\\\/schema.org\",\"@graph\":[{\"@type\":\"Article\",\"@id\":\"https:\\\/\\\/www.auntmarthas.org\\\/es\\\/comunicado-de-prensa\\\/la-clinica-juridica-de-vivienda-justa-de-la-facultad-de-derecho-john-marshall-de-la-uic-se-une-al-caso-de-derechos-civiles-aunt-marthas-contra-el-pueblo-de-midlothian\\\/#article\",\"isPartOf\":{\"@id\":\"https:\\\/\\\/www.auntmarthas.org\\\/es\\\/comunicado-de-prensa\\\/la-clinica-juridica-de-vivienda-justa-de-la-facultad-de-derecho-john-marshall-de-la-uic-se-une-al-caso-de-derechos-civiles-aunt-marthas-contra-el-pueblo-de-midlothian\\\/\"},\"author\":{\"name\":\"Tom Owens\",\"@id\":\"https:\\\/\\\/www.auntmarthas.org\\\/es\\\/#\\\/schema\\\/person\\\/4f1a7a9a3063d07ead969477993a056d\"},\"headline\":\"La Cl\u00ednica Jur\u00eddica de Vivienda Justa de la Facultad de Derecho John Marshall de la UIC se une al caso de derechos civiles Aunt Martha&#8217;s contra el pueblo de Midlothian\",\"datePublished\":\"2020-06-30T15:00:00+00:00\",\"dateModified\":\"2023-02-03T01:23:50+00:00\",\"mainEntityOfPage\":{\"@id\":\"https:\\\/\\\/www.auntmarthas.org\\\/es\\\/comunicado-de-prensa\\\/la-clinica-juridica-de-vivienda-justa-de-la-facultad-de-derecho-john-marshall-de-la-uic-se-une-al-caso-de-derechos-civiles-aunt-marthas-contra-el-pueblo-de-midlothian\\\/\"},\"wordCount\":681,\"publisher\":{\"@id\":\"https:\\\/\\\/www.auntmarthas.org\\\/es\\\/#organization\"},\"image\":{\"@id\":\"https:\\\/\\\/www.auntmarthas.org\\\/es\\\/comunicado-de-prensa\\\/la-clinica-juridica-de-vivienda-justa-de-la-facultad-de-derecho-john-marshall-de-la-uic-se-une-al-caso-de-derechos-civiles-aunt-marthas-contra-el-pueblo-de-midlothian\\\/#primaryimage\"},\"thumbnailUrl\":\"https:\\\/\\\/www.auntmarthas.org\\\/wp-content\\\/uploads\\\/2020\\\/06\\\/Featured-Image_Press-Release_20200630-scaled-e1662740423272.jpeg\",\"keywords\":[\"Abogac\u00eda\",\"Asociaciones\",\"COVID\",\"DCFS\",\"Justicia social\",\"Pueblo de Midlothian\"],\"articleSection\":[\"Comunicado de prensa\"],\"inLanguage\":\"es\"},{\"@type\":\"WebPage\",\"@id\":\"https:\\\/\\\/www.auntmarthas.org\\\/es\\\/comunicado-de-prensa\\\/la-clinica-juridica-de-vivienda-justa-de-la-facultad-de-derecho-john-marshall-de-la-uic-se-une-al-caso-de-derechos-civiles-aunt-marthas-contra-el-pueblo-de-midlothian\\\/\",\"url\":\"https:\\\/\\\/www.auntmarthas.org\\\/es\\\/comunicado-de-prensa\\\/la-clinica-juridica-de-vivienda-justa-de-la-facultad-de-derecho-john-marshall-de-la-uic-se-une-al-caso-de-derechos-civiles-aunt-marthas-contra-el-pueblo-de-midlothian\\\/\",\"name\":\"La cl\u00ednica legal de vivienda justa se une al caso contra el pueblo de Midlothian\",\"isPartOf\":{\"@id\":\"https:\\\/\\\/www.auntmarthas.org\\\/es\\\/#website\"},\"primaryImageOfPage\":{\"@id\":\"https:\\\/\\\/www.auntmarthas.org\\\/es\\\/comunicado-de-prensa\\\/la-clinica-juridica-de-vivienda-justa-de-la-facultad-de-derecho-john-marshall-de-la-uic-se-une-al-caso-de-derechos-civiles-aunt-marthas-contra-el-pueblo-de-midlothian\\\/#primaryimage\"},\"image\":{\"@id\":\"https:\\\/\\\/www.auntmarthas.org\\\/es\\\/comunicado-de-prensa\\\/la-clinica-juridica-de-vivienda-justa-de-la-facultad-de-derecho-john-marshall-de-la-uic-se-une-al-caso-de-derechos-civiles-aunt-marthas-contra-el-pueblo-de-midlothian\\\/#primaryimage\"},\"thumbnailUrl\":\"https:\\\/\\\/www.auntmarthas.org\\\/wp-content\\\/uploads\\\/2020\\\/06\\\/Featured-Image_Press-Release_20200630-scaled-e1662740423272.jpeg\",\"datePublished\":\"2020-06-30T15:00:00+00:00\",\"dateModified\":\"2023-02-03T01:23:50+00:00\",\"description\":\"Comunicado de prensa en el que se nombra a la Cl\u00ednica Jur\u00eddica de Vivienda Justa de la Facultad de Derecho John Marshall de la UIC como coasesora en la demanda federal contra el pueblo de Midlothian.\",\"breadcrumb\":{\"@id\":\"https:\\\/\\\/www.auntmarthas.org\\\/es\\\/comunicado-de-prensa\\\/la-clinica-juridica-de-vivienda-justa-de-la-facultad-de-derecho-john-marshall-de-la-uic-se-une-al-caso-de-derechos-civiles-aunt-marthas-contra-el-pueblo-de-midlothian\\\/#breadcrumb\"},\"inLanguage\":\"es\",\"potentialAction\":[{\"@type\":\"ReadAction\",\"target\":[\"https:\\\/\\\/www.auntmarthas.org\\\/es\\\/comunicado-de-prensa\\\/la-clinica-juridica-de-vivienda-justa-de-la-facultad-de-derecho-john-marshall-de-la-uic-se-une-al-caso-de-derechos-civiles-aunt-marthas-contra-el-pueblo-de-midlothian\\\/\"]}]},{\"@type\":\"ImageObject\",\"inLanguage\":\"es\",\"@id\":\"https:\\\/\\\/www.auntmarthas.org\\\/es\\\/comunicado-de-prensa\\\/la-clinica-juridica-de-vivienda-justa-de-la-facultad-de-derecho-john-marshall-de-la-uic-se-une-al-caso-de-derechos-civiles-aunt-marthas-contra-el-pueblo-de-midlothian\\\/#primaryimage\",\"url\":\"https:\\\/\\\/www.auntmarthas.org\\\/wp-content\\\/uploads\\\/2020\\\/06\\\/Featured-Image_Press-Release_20200630-scaled-e1662740423272.jpeg\",\"contentUrl\":\"https:\\\/\\\/www.auntmarthas.org\\\/wp-content\\\/uploads\\\/2020\\\/06\\\/Featured-Image_Press-Release_20200630-scaled-e1662740423272.jpeg\",\"width\":1958,\"height\":1100},{\"@type\":\"BreadcrumbList\",\"@id\":\"https:\\\/\\\/www.auntmarthas.org\\\/es\\\/comunicado-de-prensa\\\/la-clinica-juridica-de-vivienda-justa-de-la-facultad-de-derecho-john-marshall-de-la-uic-se-une-al-caso-de-derechos-civiles-aunt-marthas-contra-el-pueblo-de-midlothian\\\/#breadcrumb\",\"itemListElement\":[{\"@type\":\"ListItem\",\"position\":1,\"name\":\"Home\",\"item\":\"https:\\\/\\\/www.auntmarthas.org\\\/es\\\/\"},{\"@type\":\"ListItem\",\"position\":2,\"name\":\"Comunicado de prensa\",\"item\":\"https:\\\/\\\/www.auntmarthas.org\\\/es\\\/category\\\/comunicado-de-prensa\\\/\"},{\"@type\":\"ListItem\",\"position\":3,\"name\":\"La Cl\u00ednica Jur\u00eddica de Vivienda Justa de la Facultad de Derecho John Marshall de la UIC se une al caso de derechos civiles Aunt Martha&#8217;s contra el pueblo de Midlothian\"}]},{\"@type\":\"WebSite\",\"@id\":\"https:\\\/\\\/www.auntmarthas.org\\\/es\\\/#website\",\"url\":\"https:\\\/\\\/www.auntmarthas.org\\\/es\\\/\",\"name\":\"Aunt Martha's\",\"description\":\"Health &amp; Wellness\",\"publisher\":{\"@id\":\"https:\\\/\\\/www.auntmarthas.org\\\/es\\\/#organization\"},\"potentialAction\":[{\"@type\":\"SearchAction\",\"target\":{\"@type\":\"EntryPoint\",\"urlTemplate\":\"https:\\\/\\\/www.auntmarthas.org\\\/es\\\/?s={search_term_string}\"},\"query-input\":{\"@type\":\"PropertyValueSpecification\",\"valueRequired\":true,\"valueName\":\"search_term_string\"}}],\"inLanguage\":\"es\"},{\"@type\":\"Organization\",\"@id\":\"https:\\\/\\\/www.auntmarthas.org\\\/es\\\/#organization\",\"name\":\"Aunt Martha's Health & Wellness\",\"alternateName\":\"Aunt Martha's\",\"url\":\"https:\\\/\\\/www.auntmarthas.org\\\/es\\\/\",\"logo\":{\"@type\":\"ImageObject\",\"inLanguage\":\"es\",\"@id\":\"https:\\\/\\\/www.auntmarthas.org\\\/es\\\/#\\\/schema\\\/logo\\\/image\\\/\",\"url\":\"https:\\\/\\\/www.auntmarthas.org\\\/wp-content\\\/uploads\\\/2022\\\/06\\\/AM_LOGO_RGB-v2.svg\",\"contentUrl\":\"https:\\\/\\\/www.auntmarthas.org\\\/wp-content\\\/uploads\\\/2022\\\/06\\\/AM_LOGO_RGB-v2.svg\",\"width\":1920,\"height\":675,\"caption\":\"Aunt Martha's Health & Wellness\"},\"image\":{\"@id\":\"https:\\\/\\\/www.auntmarthas.org\\\/es\\\/#\\\/schema\\\/logo\\\/image\\\/\"},\"sameAs\":[\"https:\\\/\\\/www.facebook.com\\\/AuntMarthas\",\"https:\\\/\\\/x.com\\\/AuntMarthas\",\"https:\\\/\\\/www.youtube.com\\\/@auntmarthas\"]},{\"@type\":\"Person\",\"@id\":\"https:\\\/\\\/www.auntmarthas.org\\\/es\\\/#\\\/schema\\\/person\\\/4f1a7a9a3063d07ead969477993a056d\",\"name\":\"Tom Owens\",\"image\":{\"@type\":\"ImageObject\",\"inLanguage\":\"es\",\"@id\":\"https:\\\/\\\/secure.gravatar.com\\\/avatar\\\/28eff12ea7bb799b41b5c28091fceb9e4ec81cf4831b37739d3aa3086cff943d?s=96&d=mm&r=g\",\"url\":\"https:\\\/\\\/secure.gravatar.com\\\/avatar\\\/28eff12ea7bb799b41b5c28091fceb9e4ec81cf4831b37739d3aa3086cff943d?s=96&d=mm&r=g\",\"contentUrl\":\"https:\\\/\\\/secure.gravatar.com\\\/avatar\\\/28eff12ea7bb799b41b5c28091fceb9e4ec81cf4831b37739d3aa3086cff943d?s=96&d=mm&r=g\",\"caption\":\"Tom Owens\"},\"url\":\"https:\\\/\\\/www.auntmarthas.org\\\/es\\\/author\\\/towens\\\/\"}]}<\/script>\n<!-- \/ Yoast SEO plugin. -->","yoast_head_json":{"title":"La cl\u00ednica legal de vivienda justa se une al caso contra el pueblo de Midlothian","description":"Comunicado de prensa en el que se nombra a la Cl\u00ednica Jur\u00eddica de Vivienda Justa de la Facultad de Derecho John Marshall de la UIC como coasesora en la demanda federal contra el pueblo de Midlothian.","robots":{"index":"index","follow":"follow","max-snippet":"max-snippet:-1","max-image-preview":"max-image-preview:large","max-video-preview":"max-video-preview:-1"},"canonical":"https:\/\/www.auntmarthas.org\/es\/comunicado-de-prensa\/la-clinica-juridica-de-vivienda-justa-de-la-facultad-de-derecho-john-marshall-de-la-uic-se-une-al-caso-de-derechos-civiles-aunt-marthas-contra-el-pueblo-de-midlothian\/","og_locale":"es_ES","og_type":"article","og_title":"La cl\u00ednica legal de vivienda justa se une al caso contra el pueblo de Midlothian","og_description":"Comunicado de prensa en el que se nombra a la Cl\u00ednica Jur\u00eddica de Vivienda Justa de la Facultad de Derecho John Marshall de la UIC como coasesora en la demanda federal contra el pueblo de Midlothian.","og_url":"https:\/\/www.auntmarthas.org\/es\/comunicado-de-prensa\/la-clinica-juridica-de-vivienda-justa-de-la-facultad-de-derecho-john-marshall-de-la-uic-se-une-al-caso-de-derechos-civiles-aunt-marthas-contra-el-pueblo-de-midlothian\/","og_site_name":"Aunt Martha&#039;s","article_publisher":"https:\/\/www.facebook.com\/AuntMarthas","article_published_time":"2020-06-30T15:00:00+00:00","article_modified_time":"2023-02-03T01:23:50+00:00","og_image":[{"width":1958,"height":1100,"url":"https:\/\/www.auntmarthas.org\/wp-content\/uploads\/2020\/06\/Featured-Image_Press-Release_20200630-scaled-e1662740423272.jpeg","type":"image\/jpeg"}],"author":"Tom Owens","twitter_card":"summary_large_image","twitter_creator":"@AuntMarthas","twitter_site":"@AuntMarthas","twitter_misc":{"Escrito por":"Tom Owens","Tiempo de lectura":"3 minutos"},"schema":{"@context":"https:\/\/schema.org","@graph":[{"@type":"Article","@id":"https:\/\/www.auntmarthas.org\/es\/comunicado-de-prensa\/la-clinica-juridica-de-vivienda-justa-de-la-facultad-de-derecho-john-marshall-de-la-uic-se-une-al-caso-de-derechos-civiles-aunt-marthas-contra-el-pueblo-de-midlothian\/#article","isPartOf":{"@id":"https:\/\/www.auntmarthas.org\/es\/comunicado-de-prensa\/la-clinica-juridica-de-vivienda-justa-de-la-facultad-de-derecho-john-marshall-de-la-uic-se-une-al-caso-de-derechos-civiles-aunt-marthas-contra-el-pueblo-de-midlothian\/"},"author":{"name":"Tom Owens","@id":"https:\/\/www.auntmarthas.org\/es\/#\/schema\/person\/4f1a7a9a3063d07ead969477993a056d"},"headline":"La Cl\u00ednica Jur\u00eddica de Vivienda Justa de la Facultad de Derecho John Marshall de la UIC se une al caso de derechos civiles Aunt Martha&#8217;s contra el pueblo de Midlothian","datePublished":"2020-06-30T15:00:00+00:00","dateModified":"2023-02-03T01:23:50+00:00","mainEntityOfPage":{"@id":"https:\/\/www.auntmarthas.org\/es\/comunicado-de-prensa\/la-clinica-juridica-de-vivienda-justa-de-la-facultad-de-derecho-john-marshall-de-la-uic-se-une-al-caso-de-derechos-civiles-aunt-marthas-contra-el-pueblo-de-midlothian\/"},"wordCount":681,"publisher":{"@id":"https:\/\/www.auntmarthas.org\/es\/#organization"},"image":{"@id":"https:\/\/www.auntmarthas.org\/es\/comunicado-de-prensa\/la-clinica-juridica-de-vivienda-justa-de-la-facultad-de-derecho-john-marshall-de-la-uic-se-une-al-caso-de-derechos-civiles-aunt-marthas-contra-el-pueblo-de-midlothian\/#primaryimage"},"thumbnailUrl":"https:\/\/www.auntmarthas.org\/wp-content\/uploads\/2020\/06\/Featured-Image_Press-Release_20200630-scaled-e1662740423272.jpeg","keywords":["Abogac\u00eda","Asociaciones","COVID","DCFS","Justicia social","Pueblo de Midlothian"],"articleSection":["Comunicado de prensa"],"inLanguage":"es"},{"@type":"WebPage","@id":"https:\/\/www.auntmarthas.org\/es\/comunicado-de-prensa\/la-clinica-juridica-de-vivienda-justa-de-la-facultad-de-derecho-john-marshall-de-la-uic-se-une-al-caso-de-derechos-civiles-aunt-marthas-contra-el-pueblo-de-midlothian\/","url":"https:\/\/www.auntmarthas.org\/es\/comunicado-de-prensa\/la-clinica-juridica-de-vivienda-justa-de-la-facultad-de-derecho-john-marshall-de-la-uic-se-une-al-caso-de-derechos-civiles-aunt-marthas-contra-el-pueblo-de-midlothian\/","name":"La cl\u00ednica legal de vivienda justa se une al caso contra el pueblo de Midlothian","isPartOf":{"@id":"https:\/\/www.auntmarthas.org\/es\/#website"},"primaryImageOfPage":{"@id":"https:\/\/www.auntmarthas.org\/es\/comunicado-de-prensa\/la-clinica-juridica-de-vivienda-justa-de-la-facultad-de-derecho-john-marshall-de-la-uic-se-une-al-caso-de-derechos-civiles-aunt-marthas-contra-el-pueblo-de-midlothian\/#primaryimage"},"image":{"@id":"https:\/\/www.auntmarthas.org\/es\/comunicado-de-prensa\/la-clinica-juridica-de-vivienda-justa-de-la-facultad-de-derecho-john-marshall-de-la-uic-se-une-al-caso-de-derechos-civiles-aunt-marthas-contra-el-pueblo-de-midlothian\/#primaryimage"},"thumbnailUrl":"https:\/\/www.auntmarthas.org\/wp-content\/uploads\/2020\/06\/Featured-Image_Press-Release_20200630-scaled-e1662740423272.jpeg","datePublished":"2020-06-30T15:00:00+00:00","dateModified":"2023-02-03T01:23:50+00:00","description":"Comunicado de prensa en el que se nombra a la Cl\u00ednica Jur\u00eddica de Vivienda Justa de la Facultad de Derecho John Marshall de la UIC como coasesora en la demanda federal contra el pueblo de Midlothian.","breadcrumb":{"@id":"https:\/\/www.auntmarthas.org\/es\/comunicado-de-prensa\/la-clinica-juridica-de-vivienda-justa-de-la-facultad-de-derecho-john-marshall-de-la-uic-se-une-al-caso-de-derechos-civiles-aunt-marthas-contra-el-pueblo-de-midlothian\/#breadcrumb"},"inLanguage":"es","potentialAction":[{"@type":"ReadAction","target":["https:\/\/www.auntmarthas.org\/es\/comunicado-de-prensa\/la-clinica-juridica-de-vivienda-justa-de-la-facultad-de-derecho-john-marshall-de-la-uic-se-une-al-caso-de-derechos-civiles-aunt-marthas-contra-el-pueblo-de-midlothian\/"]}]},{"@type":"ImageObject","inLanguage":"es","@id":"https:\/\/www.auntmarthas.org\/es\/comunicado-de-prensa\/la-clinica-juridica-de-vivienda-justa-de-la-facultad-de-derecho-john-marshall-de-la-uic-se-une-al-caso-de-derechos-civiles-aunt-marthas-contra-el-pueblo-de-midlothian\/#primaryimage","url":"https:\/\/www.auntmarthas.org\/wp-content\/uploads\/2020\/06\/Featured-Image_Press-Release_20200630-scaled-e1662740423272.jpeg","contentUrl":"https:\/\/www.auntmarthas.org\/wp-content\/uploads\/2020\/06\/Featured-Image_Press-Release_20200630-scaled-e1662740423272.jpeg","width":1958,"height":1100},{"@type":"BreadcrumbList","@id":"https:\/\/www.auntmarthas.org\/es\/comunicado-de-prensa\/la-clinica-juridica-de-vivienda-justa-de-la-facultad-de-derecho-john-marshall-de-la-uic-se-une-al-caso-de-derechos-civiles-aunt-marthas-contra-el-pueblo-de-midlothian\/#breadcrumb","itemListElement":[{"@type":"ListItem","position":1,"name":"Home","item":"https:\/\/www.auntmarthas.org\/es\/"},{"@type":"ListItem","position":2,"name":"Comunicado de prensa","item":"https:\/\/www.auntmarthas.org\/es\/category\/comunicado-de-prensa\/"},{"@type":"ListItem","position":3,"name":"La Cl\u00ednica Jur\u00eddica de Vivienda Justa de la Facultad de Derecho John Marshall de la UIC se une al caso de derechos civiles Aunt Martha&#8217;s contra el pueblo de Midlothian"}]},{"@type":"WebSite","@id":"https:\/\/www.auntmarthas.org\/es\/#website","url":"https:\/\/www.auntmarthas.org\/es\/","name":"Aunt Martha's","description":"Health &amp; Wellness","publisher":{"@id":"https:\/\/www.auntmarthas.org\/es\/#organization"},"potentialAction":[{"@type":"SearchAction","target":{"@type":"EntryPoint","urlTemplate":"https:\/\/www.auntmarthas.org\/es\/?s={search_term_string}"},"query-input":{"@type":"PropertyValueSpecification","valueRequired":true,"valueName":"search_term_string"}}],"inLanguage":"es"},{"@type":"Organization","@id":"https:\/\/www.auntmarthas.org\/es\/#organization","name":"Aunt Martha's Health & Wellness","alternateName":"Aunt Martha's","url":"https:\/\/www.auntmarthas.org\/es\/","logo":{"@type":"ImageObject","inLanguage":"es","@id":"https:\/\/www.auntmarthas.org\/es\/#\/schema\/logo\/image\/","url":"https:\/\/www.auntmarthas.org\/wp-content\/uploads\/2022\/06\/AM_LOGO_RGB-v2.svg","contentUrl":"https:\/\/www.auntmarthas.org\/wp-content\/uploads\/2022\/06\/AM_LOGO_RGB-v2.svg","width":1920,"height":675,"caption":"Aunt Martha's Health & Wellness"},"image":{"@id":"https:\/\/www.auntmarthas.org\/es\/#\/schema\/logo\/image\/"},"sameAs":["https:\/\/www.facebook.com\/AuntMarthas","https:\/\/x.com\/AuntMarthas","https:\/\/www.youtube.com\/@auntmarthas"]},{"@type":"Person","@id":"https:\/\/www.auntmarthas.org\/es\/#\/schema\/person\/4f1a7a9a3063d07ead969477993a056d","name":"Tom Owens","image":{"@type":"ImageObject","inLanguage":"es","@id":"https:\/\/secure.gravatar.com\/avatar\/28eff12ea7bb799b41b5c28091fceb9e4ec81cf4831b37739d3aa3086cff943d?s=96&d=mm&r=g","url":"https:\/\/secure.gravatar.com\/avatar\/28eff12ea7bb799b41b5c28091fceb9e4ec81cf4831b37739d3aa3086cff943d?s=96&d=mm&r=g","contentUrl":"https:\/\/secure.gravatar.com\/avatar\/28eff12ea7bb799b41b5c28091fceb9e4ec81cf4831b37739d3aa3086cff943d?s=96&d=mm&r=g","caption":"Tom Owens"},"url":"https:\/\/www.auntmarthas.org\/es\/author\/towens\/"}]}},"_links":{"self":[{"href":"https:\/\/www.auntmarthas.org\/es\/wp-json\/wp\/v2\/posts\/3565","targetHints":{"allow":["GET"]}}],"collection":[{"href":"https:\/\/www.auntmarthas.org\/es\/wp-json\/wp\/v2\/posts"}],"about":[{"href":"https:\/\/www.auntmarthas.org\/es\/wp-json\/wp\/v2\/types\/post"}],"author":[{"embeddable":true,"href":"https:\/\/www.auntmarthas.org\/es\/wp-json\/wp\/v2\/users\/4"}],"replies":[{"embeddable":true,"href":"https:\/\/www.auntmarthas.org\/es\/wp-json\/wp\/v2\/comments?post=3565"}],"version-history":[{"count":0,"href":"https:\/\/www.auntmarthas.org\/es\/wp-json\/wp\/v2\/posts\/3565\/revisions"}],"wp:featuredmedia":[{"embeddable":true,"href":"https:\/\/www.auntmarthas.org\/es\/wp-json\/wp\/v2\/media\/3273"}],"wp:attachment":[{"href":"https:\/\/www.auntmarthas.org\/es\/wp-json\/wp\/v2\/media?parent=3565"}],"wp:term":[{"taxonomy":"category","embeddable":true,"href":"https:\/\/www.auntmarthas.org\/es\/wp-json\/wp\/v2\/categories?post=3565"},{"taxonomy":"post_tag","embeddable":true,"href":"https:\/\/www.auntmarthas.org\/es\/wp-json\/wp\/v2\/tags?post=3565"}],"curies":[{"name":"wp","href":"https:\/\/api.w.org\/{rel}","templated":true}]}}