{"id":3560,"date":"2021-07-02T14:11:00","date_gmt":"2021-07-02T14:11:00","guid":{"rendered":"https:\/\/www.auntmarthas.org\/sin-categorizar\/una-encuesta-muestra-el-apoyo-de-los-empleados-a-la-respuesta-de-covid-en-aunt-marthass\/"},"modified":"2023-02-02T19:23:09","modified_gmt":"2023-02-03T01:23:09","slug":"una-encuesta-muestra-el-apoyo-de-los-empleados-a-la-respuesta-de-covid-en-aunt-marthass","status":"publish","type":"post","link":"https:\/\/www.auntmarthas.org\/es\/noticias\/una-encuesta-muestra-el-apoyo-de-los-empleados-a-la-respuesta-de-covid-en-aunt-marthass\/","title":{"rendered":"Una encuesta muestra el apoyo de los empleados a la respuesta de COVID en Aunt Martha&#8217;s&#8217;s"},"content":{"rendered":"\n<div style=\"height:10px\" aria-hidden=\"true\" class=\"wp-block-spacer\"><\/div>\n\n<p>En una encuesta interna realizada a principios de este a\u00f1o, Aunt Martha&#8217;s trat\u00f3 de medir los sentimientos y perspectivas de nuestros empleados sobre el trabajo de la organizaci\u00f3n entre marzo de 2020 y marzo de 2021. Quer\u00edamos saber en qu\u00e9 aspectos la agencia hab\u00eda cumplido sus expectativas, en cu\u00e1les las hab\u00eda superado y en cu\u00e1les nos hab\u00edamos quedado cortos. Su respuesta abrumadoramente positiva revel\u00f3 una cultura de compromiso, en la que los empleados se sienten valorados y protegidos.<\/p>\n\n<div style=\"height:10px\" aria-hidden=\"true\" class=\"wp-block-spacer\"><\/div>\n\n<p>Estos resultados demuestran que vamos por el buen camino, pero estamos deseosos de hacerlo mejor.<\/p>\n\n<div style=\"height:20px\" aria-hidden=\"true\" class=\"wp-block-spacer\"><\/div>\n\n<p class=\"is-style-eyebrow\">CONCLUSIONES PRINCIPALES<\/p>\n\n<div style=\"height:7px\" aria-hidden=\"true\" class=\"wp-block-spacer\"><\/div>\n\n<h4 class=\"wp-block-heading\">Encuesta a los empleados sobre la respuesta de la Aunt Martha&#8217;s a la pandemia de COVID-19<\/h4>\n\n<div style=\"height:20px\" aria-hidden=\"true\" class=\"wp-block-spacer\"><\/div>\n\n<p class=\"has-text-align-center has-white-color has-text-color has-background\" style=\"background-color:#001588;font-size:25px\"><strong>95%<\/strong><br\/>de los empleados de Aunt Martha&#8217;s &#8216;s estaban satisfechos o m\u00e1s que satisfechos con la respuesta de la agencia a la pandemia.<\/p>\n\n<div style=\"height:20px\" aria-hidden=\"true\" class=\"wp-block-spacer\"><\/div>\n\n<p class=\"has-text-align-center has-background\" style=\"background-color:#6bb1e1;font-size:25px\"><strong>93%<\/strong><br\/>de los empleados de Aunt Martha&#8217;s &#8216;s estaban satisfechos o m\u00e1s que satisfechos con la respuesta de la agencia a la pandemia.<\/p>\n\n<div style=\"height:20px\" aria-hidden=\"true\" class=\"wp-block-spacer\"><\/div>\n\n<p class=\"has-text-align-center has-white-color has-text-color has-background\" style=\"background-color:#001588;font-size:25px\"><strong>93%<\/strong><br\/>de los empleados de Aunt Martha&#8217;s &#8216;s consideraron que la agencia hizo de su bienestar una prioridad durante la pandemia. <\/p>\n\n<div style=\"height:20px\" aria-hidden=\"true\" class=\"wp-block-spacer\"><\/div>\n\n<p class=\"has-text-align-center has-background\" style=\"background-color:#6bb1e1;font-size:25px\"><strong>93%<\/strong><br\/>de los empleados de Aunt Martha&#8217;s &#8216;s consideraron que la agencia tom\u00f3 medidas a lo largo de la pandemia para influir positivamente en su equilibrio entre vida y trabajo. <\/p>\n\n<p><\/p>\n","protected":false},"excerpt":{"rendered":"<p>Aunt Martha&#8217;s encuest\u00f3 al personal sobre sus sentimientos y perspectivas sobre el trabajo de la organizaci\u00f3n entre marzo de 2020 y marzo de 2021. Los resultados muestran que nuestros empleados se sienten valorados y protegidos.<\/p>\n","protected":false},"author":4,"featured_media":2992,"comment_status":"open","ping_status":"open","sticky":false,"template":"","format":"standard","meta":{"_acf_changed":false,"footnotes":""},"categories":[155],"tags":[160,161],"class_list":["post-3560","post","type-post","status-publish","format-standard","has-post-thumbnail","hentry","category-noticias","tag-atencion-sanitaria","tag-covid-es"],"acf":[],"yoast_head":"<!-- This site is optimized with the Yoast SEO plugin v27.5 - https:\/\/yoast.com\/product\/yoast-seo-wordpress\/ -->\n<title>Una encuesta muestra el apoyo de los empleados a la respuesta de COVID en Aunt Martha&#039;s&#039;s - Aunt Martha&#039;s<\/title>\n<meta name=\"description\" content=\"Aunt Martha&#039;s encuest\u00f3 al personal sobre sus sentimientos y perspectivas sobre el trabajo de la organizaci\u00f3n entre marzo de 2020 y marzo de 2021.\" \/>\n<meta name=\"robots\" content=\"index, follow, max-snippet:-1, max-image-preview:large, max-video-preview:-1\" \/>\n<link rel=\"canonical\" href=\"https:\/\/www.auntmarthas.org\/es\/noticias\/una-encuesta-muestra-el-apoyo-de-los-empleados-a-la-respuesta-de-covid-en-aunt-marthass\/\" \/>\n<meta property=\"og:locale\" content=\"es_ES\" \/>\n<meta property=\"og:type\" content=\"article\" \/>\n<meta property=\"og:title\" content=\"Una encuesta muestra el apoyo de los empleados a la respuesta de COVID en Aunt Martha&#039;s&#039;s - Aunt Martha&#039;s\" \/>\n<meta property=\"og:description\" content=\"Aunt Martha&#039;s encuest\u00f3 al personal sobre sus sentimientos y perspectivas sobre el trabajo de la organizaci\u00f3n entre marzo de 2020 y marzo de 2021.\" \/>\n<meta property=\"og:url\" content=\"https:\/\/www.auntmarthas.org\/es\/noticias\/una-encuesta-muestra-el-apoyo-de-los-empleados-a-la-respuesta-de-covid-en-aunt-marthass\/\" \/>\n<meta property=\"og:site_name\" content=\"Aunt Martha&#039;s\" \/>\n<meta property=\"article:publisher\" content=\"https:\/\/www.facebook.com\/AuntMarthas\" \/>\n<meta property=\"article:published_time\" content=\"2021-07-02T14:11:00+00:00\" \/>\n<meta property=\"article:modified_time\" content=\"2023-02-03T01:23:09+00:00\" \/>\n<meta property=\"og:image\" content=\"https:\/\/www.auntmarthas.org\/wp-content\/uploads\/2022\/08\/Featured-Image_COVID-Response-Survey-scaled-e1661263840368.jpeg\" \/>\n\t<meta property=\"og:image:width\" content=\"1102\" \/>\n\t<meta property=\"og:image:height\" content=\"735\" \/>\n\t<meta property=\"og:image:type\" content=\"image\/jpeg\" \/>\n<meta name=\"author\" content=\"Tom Owens\" \/>\n<meta name=\"twitter:card\" content=\"summary_large_image\" \/>\n<meta name=\"twitter:creator\" content=\"@AuntMarthas\" \/>\n<meta name=\"twitter:site\" content=\"@AuntMarthas\" \/>\n<meta name=\"twitter:label1\" content=\"Escrito por\" \/>\n\t<meta name=\"twitter:data1\" content=\"Tom Owens\" \/>\n\t<meta name=\"twitter:label2\" content=\"Tiempo de lectura\" \/>\n\t<meta name=\"twitter:data2\" content=\"1 minuto\" \/>\n<script type=\"application\/ld+json\" class=\"yoast-schema-graph\">{\"@context\":\"https:\\\/\\\/schema.org\",\"@graph\":[{\"@type\":\"Article\",\"@id\":\"https:\\\/\\\/www.auntmarthas.org\\\/es\\\/noticias\\\/una-encuesta-muestra-el-apoyo-de-los-empleados-a-la-respuesta-de-covid-en-aunt-marthass\\\/#article\",\"isPartOf\":{\"@id\":\"https:\\\/\\\/www.auntmarthas.org\\\/es\\\/noticias\\\/una-encuesta-muestra-el-apoyo-de-los-empleados-a-la-respuesta-de-covid-en-aunt-marthass\\\/\"},\"author\":{\"name\":\"Tom Owens\",\"@id\":\"https:\\\/\\\/www.auntmarthas.org\\\/es\\\/#\\\/schema\\\/person\\\/4f1a7a9a3063d07ead969477993a056d\"},\"headline\":\"Una encuesta muestra el apoyo de los empleados a la respuesta de COVID en Aunt Martha&#8217;s&#8217;s\",\"datePublished\":\"2021-07-02T14:11:00+00:00\",\"dateModified\":\"2023-02-03T01:23:09+00:00\",\"mainEntityOfPage\":{\"@id\":\"https:\\\/\\\/www.auntmarthas.org\\\/es\\\/noticias\\\/una-encuesta-muestra-el-apoyo-de-los-empleados-a-la-respuesta-de-covid-en-aunt-marthass\\\/\"},\"wordCount\":236,\"commentCount\":0,\"publisher\":{\"@id\":\"https:\\\/\\\/www.auntmarthas.org\\\/es\\\/#organization\"},\"image\":{\"@id\":\"https:\\\/\\\/www.auntmarthas.org\\\/es\\\/noticias\\\/una-encuesta-muestra-el-apoyo-de-los-empleados-a-la-respuesta-de-covid-en-aunt-marthass\\\/#primaryimage\"},\"thumbnailUrl\":\"https:\\\/\\\/www.auntmarthas.org\\\/wp-content\\\/uploads\\\/2022\\\/08\\\/Featured-Image_COVID-Response-Survey-scaled-e1661263840368.jpeg\",\"keywords\":[\"Atenci\u00f3n sanitaria\",\"COVID\"],\"articleSection\":[\"Noticias\"],\"inLanguage\":\"es\"},{\"@type\":\"WebPage\",\"@id\":\"https:\\\/\\\/www.auntmarthas.org\\\/es\\\/noticias\\\/una-encuesta-muestra-el-apoyo-de-los-empleados-a-la-respuesta-de-covid-en-aunt-marthass\\\/\",\"url\":\"https:\\\/\\\/www.auntmarthas.org\\\/es\\\/noticias\\\/una-encuesta-muestra-el-apoyo-de-los-empleados-a-la-respuesta-de-covid-en-aunt-marthass\\\/\",\"name\":\"Una encuesta muestra el apoyo de los empleados a la respuesta de COVID en Aunt Martha's's - Aunt Martha&#039;s\",\"isPartOf\":{\"@id\":\"https:\\\/\\\/www.auntmarthas.org\\\/es\\\/#website\"},\"primaryImageOfPage\":{\"@id\":\"https:\\\/\\\/www.auntmarthas.org\\\/es\\\/noticias\\\/una-encuesta-muestra-el-apoyo-de-los-empleados-a-la-respuesta-de-covid-en-aunt-marthass\\\/#primaryimage\"},\"image\":{\"@id\":\"https:\\\/\\\/www.auntmarthas.org\\\/es\\\/noticias\\\/una-encuesta-muestra-el-apoyo-de-los-empleados-a-la-respuesta-de-covid-en-aunt-marthass\\\/#primaryimage\"},\"thumbnailUrl\":\"https:\\\/\\\/www.auntmarthas.org\\\/wp-content\\\/uploads\\\/2022\\\/08\\\/Featured-Image_COVID-Response-Survey-scaled-e1661263840368.jpeg\",\"datePublished\":\"2021-07-02T14:11:00+00:00\",\"dateModified\":\"2023-02-03T01:23:09+00:00\",\"description\":\"Aunt Martha's encuest\u00f3 al personal sobre sus sentimientos y perspectivas sobre el trabajo de la organizaci\u00f3n entre marzo de 2020 y marzo de 2021.\",\"breadcrumb\":{\"@id\":\"https:\\\/\\\/www.auntmarthas.org\\\/es\\\/noticias\\\/una-encuesta-muestra-el-apoyo-de-los-empleados-a-la-respuesta-de-covid-en-aunt-marthass\\\/#breadcrumb\"},\"inLanguage\":\"es\",\"potentialAction\":[{\"@type\":\"ReadAction\",\"target\":[\"https:\\\/\\\/www.auntmarthas.org\\\/es\\\/noticias\\\/una-encuesta-muestra-el-apoyo-de-los-empleados-a-la-respuesta-de-covid-en-aunt-marthass\\\/\"]}]},{\"@type\":\"ImageObject\",\"inLanguage\":\"es\",\"@id\":\"https:\\\/\\\/www.auntmarthas.org\\\/es\\\/noticias\\\/una-encuesta-muestra-el-apoyo-de-los-empleados-a-la-respuesta-de-covid-en-aunt-marthass\\\/#primaryimage\",\"url\":\"https:\\\/\\\/www.auntmarthas.org\\\/wp-content\\\/uploads\\\/2022\\\/08\\\/Featured-Image_COVID-Response-Survey-scaled-e1661263840368.jpeg\",\"contentUrl\":\"https:\\\/\\\/www.auntmarthas.org\\\/wp-content\\\/uploads\\\/2022\\\/08\\\/Featured-Image_COVID-Response-Survey-scaled-e1661263840368.jpeg\",\"width\":1102,\"height\":735},{\"@type\":\"BreadcrumbList\",\"@id\":\"https:\\\/\\\/www.auntmarthas.org\\\/es\\\/noticias\\\/una-encuesta-muestra-el-apoyo-de-los-empleados-a-la-respuesta-de-covid-en-aunt-marthass\\\/#breadcrumb\",\"itemListElement\":[{\"@type\":\"ListItem\",\"position\":1,\"name\":\"Home\",\"item\":\"https:\\\/\\\/www.auntmarthas.org\\\/es\\\/\"},{\"@type\":\"ListItem\",\"position\":2,\"name\":\"Noticias\",\"item\":\"https:\\\/\\\/www.auntmarthas.org\\\/es\\\/category\\\/noticias\\\/\"},{\"@type\":\"ListItem\",\"position\":3,\"name\":\"Una encuesta muestra el apoyo de los empleados a la respuesta de COVID en Aunt Martha&#8217;s&#8217;s\"}]},{\"@type\":\"WebSite\",\"@id\":\"https:\\\/\\\/www.auntmarthas.org\\\/es\\\/#website\",\"url\":\"https:\\\/\\\/www.auntmarthas.org\\\/es\\\/\",\"name\":\"Aunt Martha's\",\"description\":\"Health &amp; Wellness\",\"publisher\":{\"@id\":\"https:\\\/\\\/www.auntmarthas.org\\\/es\\\/#organization\"},\"potentialAction\":[{\"@type\":\"SearchAction\",\"target\":{\"@type\":\"EntryPoint\",\"urlTemplate\":\"https:\\\/\\\/www.auntmarthas.org\\\/es\\\/?s={search_term_string}\"},\"query-input\":{\"@type\":\"PropertyValueSpecification\",\"valueRequired\":true,\"valueName\":\"search_term_string\"}}],\"inLanguage\":\"es\"},{\"@type\":\"Organization\",\"@id\":\"https:\\\/\\\/www.auntmarthas.org\\\/es\\\/#organization\",\"name\":\"Aunt Martha's Health & Wellness\",\"alternateName\":\"Aunt Martha's\",\"url\":\"https:\\\/\\\/www.auntmarthas.org\\\/es\\\/\",\"logo\":{\"@type\":\"ImageObject\",\"inLanguage\":\"es\",\"@id\":\"https:\\\/\\\/www.auntmarthas.org\\\/es\\\/#\\\/schema\\\/logo\\\/image\\\/\",\"url\":\"https:\\\/\\\/www.auntmarthas.org\\\/wp-content\\\/uploads\\\/2022\\\/06\\\/AM_LOGO_RGB-v2.svg\",\"contentUrl\":\"https:\\\/\\\/www.auntmarthas.org\\\/wp-content\\\/uploads\\\/2022\\\/06\\\/AM_LOGO_RGB-v2.svg\",\"width\":1920,\"height\":675,\"caption\":\"Aunt Martha's Health & Wellness\"},\"image\":{\"@id\":\"https:\\\/\\\/www.auntmarthas.org\\\/es\\\/#\\\/schema\\\/logo\\\/image\\\/\"},\"sameAs\":[\"https:\\\/\\\/www.facebook.com\\\/AuntMarthas\",\"https:\\\/\\\/x.com\\\/AuntMarthas\",\"https:\\\/\\\/www.youtube.com\\\/@auntmarthas\"]},{\"@type\":\"Person\",\"@id\":\"https:\\\/\\\/www.auntmarthas.org\\\/es\\\/#\\\/schema\\\/person\\\/4f1a7a9a3063d07ead969477993a056d\",\"name\":\"Tom Owens\",\"image\":{\"@type\":\"ImageObject\",\"inLanguage\":\"es\",\"@id\":\"https:\\\/\\\/secure.gravatar.com\\\/avatar\\\/28eff12ea7bb799b41b5c28091fceb9e4ec81cf4831b37739d3aa3086cff943d?s=96&d=mm&r=g\",\"url\":\"https:\\\/\\\/secure.gravatar.com\\\/avatar\\\/28eff12ea7bb799b41b5c28091fceb9e4ec81cf4831b37739d3aa3086cff943d?s=96&d=mm&r=g\",\"contentUrl\":\"https:\\\/\\\/secure.gravatar.com\\\/avatar\\\/28eff12ea7bb799b41b5c28091fceb9e4ec81cf4831b37739d3aa3086cff943d?s=96&d=mm&r=g\",\"caption\":\"Tom Owens\"},\"url\":\"https:\\\/\\\/www.auntmarthas.org\\\/es\\\/author\\\/towens\\\/\"}]}<\/script>\n<!-- \/ Yoast SEO plugin. -->","yoast_head_json":{"title":"Una encuesta muestra el apoyo de los empleados a la respuesta de COVID en Aunt Martha's's - Aunt Martha&#039;s","description":"Aunt Martha's encuest\u00f3 al personal sobre sus sentimientos y perspectivas sobre el trabajo de la organizaci\u00f3n entre marzo de 2020 y marzo de 2021.","robots":{"index":"index","follow":"follow","max-snippet":"max-snippet:-1","max-image-preview":"max-image-preview:large","max-video-preview":"max-video-preview:-1"},"canonical":"https:\/\/www.auntmarthas.org\/es\/noticias\/una-encuesta-muestra-el-apoyo-de-los-empleados-a-la-respuesta-de-covid-en-aunt-marthass\/","og_locale":"es_ES","og_type":"article","og_title":"Una encuesta muestra el apoyo de los empleados a la respuesta de COVID en Aunt Martha's's - Aunt Martha&#039;s","og_description":"Aunt Martha's encuest\u00f3 al personal sobre sus sentimientos y perspectivas sobre el trabajo de la organizaci\u00f3n entre marzo de 2020 y marzo de 2021.","og_url":"https:\/\/www.auntmarthas.org\/es\/noticias\/una-encuesta-muestra-el-apoyo-de-los-empleados-a-la-respuesta-de-covid-en-aunt-marthass\/","og_site_name":"Aunt Martha&#039;s","article_publisher":"https:\/\/www.facebook.com\/AuntMarthas","article_published_time":"2021-07-02T14:11:00+00:00","article_modified_time":"2023-02-03T01:23:09+00:00","og_image":[{"width":1102,"height":735,"url":"https:\/\/www.auntmarthas.org\/wp-content\/uploads\/2022\/08\/Featured-Image_COVID-Response-Survey-scaled-e1661263840368.jpeg","type":"image\/jpeg"}],"author":"Tom Owens","twitter_card":"summary_large_image","twitter_creator":"@AuntMarthas","twitter_site":"@AuntMarthas","twitter_misc":{"Escrito por":"Tom Owens","Tiempo de lectura":"1 minuto"},"schema":{"@context":"https:\/\/schema.org","@graph":[{"@type":"Article","@id":"https:\/\/www.auntmarthas.org\/es\/noticias\/una-encuesta-muestra-el-apoyo-de-los-empleados-a-la-respuesta-de-covid-en-aunt-marthass\/#article","isPartOf":{"@id":"https:\/\/www.auntmarthas.org\/es\/noticias\/una-encuesta-muestra-el-apoyo-de-los-empleados-a-la-respuesta-de-covid-en-aunt-marthass\/"},"author":{"name":"Tom Owens","@id":"https:\/\/www.auntmarthas.org\/es\/#\/schema\/person\/4f1a7a9a3063d07ead969477993a056d"},"headline":"Una encuesta muestra el apoyo de los empleados a la respuesta de COVID en Aunt Martha&#8217;s&#8217;s","datePublished":"2021-07-02T14:11:00+00:00","dateModified":"2023-02-03T01:23:09+00:00","mainEntityOfPage":{"@id":"https:\/\/www.auntmarthas.org\/es\/noticias\/una-encuesta-muestra-el-apoyo-de-los-empleados-a-la-respuesta-de-covid-en-aunt-marthass\/"},"wordCount":236,"commentCount":0,"publisher":{"@id":"https:\/\/www.auntmarthas.org\/es\/#organization"},"image":{"@id":"https:\/\/www.auntmarthas.org\/es\/noticias\/una-encuesta-muestra-el-apoyo-de-los-empleados-a-la-respuesta-de-covid-en-aunt-marthass\/#primaryimage"},"thumbnailUrl":"https:\/\/www.auntmarthas.org\/wp-content\/uploads\/2022\/08\/Featured-Image_COVID-Response-Survey-scaled-e1661263840368.jpeg","keywords":["Atenci\u00f3n sanitaria","COVID"],"articleSection":["Noticias"],"inLanguage":"es"},{"@type":"WebPage","@id":"https:\/\/www.auntmarthas.org\/es\/noticias\/una-encuesta-muestra-el-apoyo-de-los-empleados-a-la-respuesta-de-covid-en-aunt-marthass\/","url":"https:\/\/www.auntmarthas.org\/es\/noticias\/una-encuesta-muestra-el-apoyo-de-los-empleados-a-la-respuesta-de-covid-en-aunt-marthass\/","name":"Una encuesta muestra el apoyo de los empleados a la respuesta de COVID en Aunt Martha's's - Aunt Martha&#039;s","isPartOf":{"@id":"https:\/\/www.auntmarthas.org\/es\/#website"},"primaryImageOfPage":{"@id":"https:\/\/www.auntmarthas.org\/es\/noticias\/una-encuesta-muestra-el-apoyo-de-los-empleados-a-la-respuesta-de-covid-en-aunt-marthass\/#primaryimage"},"image":{"@id":"https:\/\/www.auntmarthas.org\/es\/noticias\/una-encuesta-muestra-el-apoyo-de-los-empleados-a-la-respuesta-de-covid-en-aunt-marthass\/#primaryimage"},"thumbnailUrl":"https:\/\/www.auntmarthas.org\/wp-content\/uploads\/2022\/08\/Featured-Image_COVID-Response-Survey-scaled-e1661263840368.jpeg","datePublished":"2021-07-02T14:11:00+00:00","dateModified":"2023-02-03T01:23:09+00:00","description":"Aunt Martha's encuest\u00f3 al personal sobre sus sentimientos y perspectivas sobre el trabajo de la organizaci\u00f3n entre marzo de 2020 y marzo de 2021.","breadcrumb":{"@id":"https:\/\/www.auntmarthas.org\/es\/noticias\/una-encuesta-muestra-el-apoyo-de-los-empleados-a-la-respuesta-de-covid-en-aunt-marthass\/#breadcrumb"},"inLanguage":"es","potentialAction":[{"@type":"ReadAction","target":["https:\/\/www.auntmarthas.org\/es\/noticias\/una-encuesta-muestra-el-apoyo-de-los-empleados-a-la-respuesta-de-covid-en-aunt-marthass\/"]}]},{"@type":"ImageObject","inLanguage":"es","@id":"https:\/\/www.auntmarthas.org\/es\/noticias\/una-encuesta-muestra-el-apoyo-de-los-empleados-a-la-respuesta-de-covid-en-aunt-marthass\/#primaryimage","url":"https:\/\/www.auntmarthas.org\/wp-content\/uploads\/2022\/08\/Featured-Image_COVID-Response-Survey-scaled-e1661263840368.jpeg","contentUrl":"https:\/\/www.auntmarthas.org\/wp-content\/uploads\/2022\/08\/Featured-Image_COVID-Response-Survey-scaled-e1661263840368.jpeg","width":1102,"height":735},{"@type":"BreadcrumbList","@id":"https:\/\/www.auntmarthas.org\/es\/noticias\/una-encuesta-muestra-el-apoyo-de-los-empleados-a-la-respuesta-de-covid-en-aunt-marthass\/#breadcrumb","itemListElement":[{"@type":"ListItem","position":1,"name":"Home","item":"https:\/\/www.auntmarthas.org\/es\/"},{"@type":"ListItem","position":2,"name":"Noticias","item":"https:\/\/www.auntmarthas.org\/es\/category\/noticias\/"},{"@type":"ListItem","position":3,"name":"Una encuesta muestra el apoyo de los empleados a la respuesta de COVID en Aunt Martha&#8217;s&#8217;s"}]},{"@type":"WebSite","@id":"https:\/\/www.auntmarthas.org\/es\/#website","url":"https:\/\/www.auntmarthas.org\/es\/","name":"Aunt Martha's","description":"Health &amp; Wellness","publisher":{"@id":"https:\/\/www.auntmarthas.org\/es\/#organization"},"potentialAction":[{"@type":"SearchAction","target":{"@type":"EntryPoint","urlTemplate":"https:\/\/www.auntmarthas.org\/es\/?s={search_term_string}"},"query-input":{"@type":"PropertyValueSpecification","valueRequired":true,"valueName":"search_term_string"}}],"inLanguage":"es"},{"@type":"Organization","@id":"https:\/\/www.auntmarthas.org\/es\/#organization","name":"Aunt Martha's Health & Wellness","alternateName":"Aunt Martha's","url":"https:\/\/www.auntmarthas.org\/es\/","logo":{"@type":"ImageObject","inLanguage":"es","@id":"https:\/\/www.auntmarthas.org\/es\/#\/schema\/logo\/image\/","url":"https:\/\/www.auntmarthas.org\/wp-content\/uploads\/2022\/06\/AM_LOGO_RGB-v2.svg","contentUrl":"https:\/\/www.auntmarthas.org\/wp-content\/uploads\/2022\/06\/AM_LOGO_RGB-v2.svg","width":1920,"height":675,"caption":"Aunt Martha's Health & Wellness"},"image":{"@id":"https:\/\/www.auntmarthas.org\/es\/#\/schema\/logo\/image\/"},"sameAs":["https:\/\/www.facebook.com\/AuntMarthas","https:\/\/x.com\/AuntMarthas","https:\/\/www.youtube.com\/@auntmarthas"]},{"@type":"Person","@id":"https:\/\/www.auntmarthas.org\/es\/#\/schema\/person\/4f1a7a9a3063d07ead969477993a056d","name":"Tom Owens","image":{"@type":"ImageObject","inLanguage":"es","@id":"https:\/\/secure.gravatar.com\/avatar\/28eff12ea7bb799b41b5c28091fceb9e4ec81cf4831b37739d3aa3086cff943d?s=96&d=mm&r=g","url":"https:\/\/secure.gravatar.com\/avatar\/28eff12ea7bb799b41b5c28091fceb9e4ec81cf4831b37739d3aa3086cff943d?s=96&d=mm&r=g","contentUrl":"https:\/\/secure.gravatar.com\/avatar\/28eff12ea7bb799b41b5c28091fceb9e4ec81cf4831b37739d3aa3086cff943d?s=96&d=mm&r=g","caption":"Tom Owens"},"url":"https:\/\/www.auntmarthas.org\/es\/author\/towens\/"}]}},"_links":{"self":[{"href":"https:\/\/www.auntmarthas.org\/es\/wp-json\/wp\/v2\/posts\/3560","targetHints":{"allow":["GET"]}}],"collection":[{"href":"https:\/\/www.auntmarthas.org\/es\/wp-json\/wp\/v2\/posts"}],"about":[{"href":"https:\/\/www.auntmarthas.org\/es\/wp-json\/wp\/v2\/types\/post"}],"author":[{"embeddable":true,"href":"https:\/\/www.auntmarthas.org\/es\/wp-json\/wp\/v2\/users\/4"}],"replies":[{"embeddable":true,"href":"https:\/\/www.auntmarthas.org\/es\/wp-json\/wp\/v2\/comments?post=3560"}],"version-history":[{"count":0,"href":"https:\/\/www.auntmarthas.org\/es\/wp-json\/wp\/v2\/posts\/3560\/revisions"}],"wp:featuredmedia":[{"embeddable":true,"href":"https:\/\/www.auntmarthas.org\/es\/wp-json\/wp\/v2\/media\/2992"}],"wp:attachment":[{"href":"https:\/\/www.auntmarthas.org\/es\/wp-json\/wp\/v2\/media?parent=3560"}],"wp:term":[{"taxonomy":"category","embeddable":true,"href":"https:\/\/www.auntmarthas.org\/es\/wp-json\/wp\/v2\/categories?post=3560"},{"taxonomy":"post_tag","embeddable":true,"href":"https:\/\/www.auntmarthas.org\/es\/wp-json\/wp\/v2\/tags?post=3560"}],"curies":[{"name":"wp","href":"https:\/\/api.w.org\/{rel}","templated":true}]}}